{"id":3312,"date":"2024-06-20T14:27:33","date_gmt":"2024-06-20T12:27:33","guid":{"rendered":"https:\/\/www.zflprojekte.de\/zfl-blog\/?p=3312"},"modified":"2025-02-06T15:44:10","modified_gmt":"2025-02-06T13:44:10","slug":"eva-geulen-mann-der-moderne-ohne-wenn-und-aber-detlev-schoettker-zum-70-geburtstag","status":"publish","type":"post","link":"https:\/\/www.zflprojekte.de\/zfl-blog\/2024\/06\/20\/eva-geulen-mann-der-moderne-ohne-wenn-und-aber-detlev-schoettker-zum-70-geburtstag\/","title":{"rendered":"Eva Geulen: Mann der Moderne ohne Wenn und Aber: DETLEV SCH\u00d6TTKER ZUM 70. GEBURTSTAG"},"content":{"rendered":"<p><span style=\"font-family: helvetica;\">Dass das ZfL ihn seit Kurzem als <em>Senior<\/em> Fellow f\u00fchrt, passt so gar nicht zu der ungest\u00fcmen Neugierde und den kreativen Energien, die sich <a href=\"https:\/\/www.zfl-berlin.org\/person\/schoettker.html\" target=\"_blank\" rel=\"noopener\">Detlev Sch\u00f6ttker<\/a> nicht nur bewahrt hat, sondern die j\u00fcngst \u00fcber der Besch\u00e4ftigung mit einem neuen Gegenstand eine neue Qualit\u00e4t gewonnen haben. Instantan, vehement und bedingungslos hat er sich nach dem <a href=\"https:\/\/www.zfl-berlin.org\/newsletter-leser\/zfl-info-32-2023-das-zfl-zieht-um.html\" target=\"_blank\" rel=\"noopener\">Umzug<\/a> des ZfL nach Wilmersdorf in ein neues Forschungsprojekt weniger vertieft als gest\u00fcrzt. Doch recht besehen ist es kein neuer Gegenstand, sondern es sind seine alten Bekannten, die ihm rund um den Fasanenplatz wiederbegegnen. Ein gr\u00f6\u00dferes Geschenk als diese Nachbarschaft h\u00e4tte man ihm vielleicht nicht machen k\u00f6nnen: Die literarische und kulturelle Moderne entstand hier! Der Fasanenplatz ist ein \u203aFreilichtmuseum\u2039 der Moderne mit Hauptmann, Brecht, Benjamin und vielen anderen. Und Detlev Sch\u00f6ttker w\u00e4re nicht Detlev Sch\u00f6ttker, wenn er die \u00d6ffentlichkeit nicht sogleich \u00fcber einige seiner Funde und Entdeckungen informiert h\u00e4tte. In der FAZ sind bereits mehrere Artikel von ihm \u00fcber die erstaunliche Bedeutung unseres Kiezes f\u00fcr die Moderne erschienen.<!--more--><\/span><\/p>\n<p><span style=\"font-family: helvetica;\">Die These, dass die kulturelle Moderne im damals noch sehr viel beschaulicheren Wilmersdorf begann, die steht also schon mal. Aber die Dokumentenlage \u2013 und auf die kommt es ihm immer und bei allem an \u2013 die ist leider, aber zum Gl\u00fcck f\u00fcr Detlev Sch\u00f6ttker, sehr d\u00fcrftig. \u2013 Noch! Jetzt muss akribisch und mit viel Geschick rekonstruiert werden, wo der Lebensmittelladen stand, in dem Brecht und Simmel zusammengetroffen sein k\u00f6nnten, wer die Besitzer, die Bewohnerinnen und Bewohner der H\u00e4user waren, die oft schon lange nicht mehr stehen. Alte Stadt- und Baupl\u00e4ne m\u00fcssen gefunden, studiert und mit der j\u00fcngeren Stadtentwicklung abgeglichen werden, Postkarten mit unserem Vor-Vorg\u00e4ngerbau sind ausfindig zu machen und zu ersteigern. Es sind aber auch Kontakte zu kn\u00fcpfen, Netzwerke m\u00fcssen ausgebildet werden, Projekte geschmiedet, Kooperationen in die Wege geleitet und Ausstellungen geplant werden. Man kann davon ausgehen, dass Detlev Sch\u00f6ttker, der die Gegend seit letztem Jahr systematisch zu Fu\u00df erkundet hat, in der n\u00e4heren und ferneren Nachbarschaft l\u00e4ngst bestens bekannt ist. P\u00fcnktlich zum 70. Geburtstag ist der Spurensucher einmal mehr in seinem Element. Wie es sich f\u00fcr einen Detektiv geh\u00f6rt, gibt er sein inzwischen akkumuliertes Wissen strategisch dosiert preis, wittert manchmal Konkurrenten und leidet unter Ignoranten. Er wird schon einmal etwas ungeduldig, wenn jemand versucht, seinen Elan zu bremsen. Er ist n\u00e4mlich nicht nur ein so skrupul\u00f6ser wie findiger Forscher, sondern er kann auch ziemlich laut poltern. Als ich ihm aber den neuen Status als Senior Fellow so behutsam wie m\u00f6glich antrug, grummelte er etwas in sich hinein und war\u2019s zufrieden. \u2013 Das ist, muss man schon sagen, eine eher seltene Reaktion.<\/span><\/p>\n<p><span style=\"font-family: helvetica;\">Das Es-gut-sein-Lassen liegt Detlev Sch\u00f6ttker n\u00e4mlich eigentlich nicht. Bis heute hat er es mit Walter Benjamin keinesfalls gut sein lassen. 1999 erschien im Suhrkamp Verlag <em>Konstruktiver Fragmentarismus<\/em>, dessen Untertitel <em>Form und Rezeption<\/em> erkennen lie\u00df, wie die Deutung der fragmentarischen Form von Benjamins Schreiben in seiner Rezeptionsgeschichte fortwirkt: \u00bbSo vollendet die Nachwelt, was Benjamin begonnen hatte.\u00ab 2006 erschien im gleichen Verlag die unsch\u00e4tzbare Studie \u00fcber das Verh\u00e4ltnis von Arendt und Benjamin, die die Dokumente im Streit zwischen Scholem, Adorno und Arendt um Benjamins Nachlass erstmalig und musterg\u00fcltig aufbereitete. 2007 folgte der ebenso wertvolle Kommentar zum vielleicht meistgelesenen Text Benjamins, <em>Das Kunstwerk im Zeitalter seiner technischen Reproduzierbarkeit<\/em> (2015 in der vierten Auflage). Durchg\u00e4ngig zeichnen sich alle Publikationen und Herausgaben Detlev Sch\u00f6ttkers durch den Vortritt aus, den sie dem Material und den Dokumenten einr\u00e4umen. Bestimmte und immer wichtige Texte in m\u00fchevoller Kleinarbeit mit so viel Sinn f\u00fcr das Detail wie \u00fcbergreifende Relevanz erst einmal aus den Archiven geklaubt und, perfekt kommentiert, der Nachwelt zur Verf\u00fcgung gestellt zu haben, geh\u00f6rt zu Detlev Sch\u00f6ttkers gr\u00f6\u00dften Verdiensten.<\/span><\/p>\n<p><span style=\"font-family: helvetica;\">Unter den Dokumenten und Materialien spielen Briefe f\u00fcr ihn schon lange eine besondere Rolle, \u00fcber die er wiederholt nachgedacht hat, etwa in dem Band <em>Adressat: Nachwelt. Briefkultur und Ruhmbildung<\/em> (2008). Als Dokumente verstanden, werden Briefe zu einer entscheidenden Schnittstelle zwischen der Person in der Zeitgeschichte, ihrem weiteren Umfeld und der Nachwelt. Aber zum dokumentarischen Charakter der Briefe geh\u00f6ren auch die Briefmarken und zu ihnen wiederum die Stempel. Und beides hat nicht nur ihn, sondern auch Walter Benjamin brennend besch\u00e4ftigt, wie ein Beitrag in dem von ihm und Dirk Naguschewski gemeinsam herausgegebenen Band <a href=\"https:\/\/www.zfl-berlin.org\/publikationen-detail\/items\/philatelie-als-kulturwissenschaft-weltaneignung-im-miniaturformat.html\" target=\"_blank\" rel=\"noopener\"><em>Philatelie als Kulturwissenschaft<\/em><\/a> (2019) belegt.<\/span><\/p>\n<p><span style=\"font-family: helvetica;\">Mit dem erst in j\u00fcngerer Zeit hinzugekommenen, manche unter den eingefleischten Benjamin-Expert*innen irritierenden, aber leidenschaftlich und ertragreich verfolgten Interesse an Ernst J\u00fcngers gigantischem Briefkosmos hat sich Detlev Sch\u00f6ttkers Sp\u00fcrsinn neue Jagdgr\u00fcnde erobert und gesichert, die vielleicht nicht ewig, aber doch sehr lange vorhalten werden. Der unter dem Titel <a href=\"https:\/\/www.zfl-berlin.org\/publikationen-detail\/items\/einer-der-spiegel-des-anderen.html\" target=\"_blank\" rel=\"noopener\"><em>Einer der Spiegel des Anderen<\/em><\/a> gemeinsam mit Anja Keith edierte und vielbesprochene Briefwechsel zwischen Gretha und Ernst erschien 2021. Derzeit arbeitet Detlev Sch\u00f6ttker mit Katja Schicht an der <a href=\"https:\/\/www.zfl-berlin.org\/projekt\/der-briefwechsel-zwischen-ernst-und-friedrich-georg-juenger.html\" target=\"_blank\" rel=\"noopener\">Edition des Briefwechsels der Br\u00fcder Friedrich Georg und Ernst J\u00fcnger<\/a>. Und das ist erst der Anfang.<\/span><\/p>\n<p><span style=\"font-family: helvetica;\">Wer Dokumenten auf der Spur ist, kann sich an das Kleinformat einer Briefmarke mit oder ohne Stempel verlieren, aber es zeichnet Detlev Sch\u00f6ttker aus, dass er dar\u00fcber die Monumente nicht vergisst, die Stein und Bau, Platz und Haus gewordene Geschichte. Ein 2010 im <em>Merkur<\/em> unter dem Titel <em>Der Beobachter des Parterres<\/em> erschienener Text \u00fcber Architektur bei Kafka bildet den Auftakt seiner anhaltenden Auseinandersetzung mit Architektur und Stadtgeschichte. Bei DOM publishers erschien 2019 unter dem Titel <a href=\"https:\/\/www.zfl-berlin.org\/publikationen-detail\/items\/aesthetik-der-einfachheit.html\" target=\"_blank\" rel=\"noopener\"><em>\u00c4sthetik der Einfachheit<\/em><\/a> die Geschichte eines Bauhausprogramms, die mit Aristoteles beginnt und in der Sp\u00e4tmoderne endet. Detlev Sch\u00f6ttkers Moderne begann fr\u00fch und ist noch nicht vorbei. Beim selben Verlag war bereits 2017 unter dem Titel <a href=\"https:\/\/www.zfl-berlin.org\/publikationen-detail\/items\/walter-benjamin-ueber-staedte-und-architekturen.html\" target=\"_blank\" rel=\"noopener\"><em>\u00dcber St\u00e4dte und Architekturen<\/em><\/a> eine Anthologie mit Texten von Walter Benjamin erschienen. 2021 schlie\u00dflich hat Detlev Sch\u00f6ttker mit Kollegen einen Band zu <a href=\"https:\/\/www.zfl-berlin.org\/newsletter-leser\/zfl-info-59-2021-neuerscheinung-planen-wohnen-schreiben-architekturtexte-der-wiender-moderne.html\" target=\"_blank\" rel=\"noopener\">Architekturtexten der Wiener Moderne<\/a> herausgegeben, darunter Bekanntes, aber auch sehr viel vordem Unbekanntes.<\/span><\/p>\n<p><span style=\"font-family: helvetica;\">Die mit Architektur befassten B\u00fccher und Editionen sind \u00fcbrigens ausnehmend sch\u00f6n gemacht. Und zu Detlev Sch\u00f6ttkers Auseinandersetzung mit der Moderne geh\u00f6rt sein eigener an ihr und mit ihr entwickelter Sinn f\u00fcr das \u00c4sthetische. Dieser Sinn l\u00e4sst nichts aus und ist unbeirrbar. J\u00fcngst waren f\u00fcr unser neues Domizil M\u00f6bel f\u00fcr die Lounge auszuw\u00e4hlen. Das uns dabei beratende Team eines M\u00f6belausstatters (Tipp von Detlev Sch\u00f6ttker) hatte seine liebe Not mit uns. Es waren harte K\u00e4mpfe ums Ganze. Denn so geht es einem mit Detlev Sch\u00f6ttker: Immer steht mit jedem Detail alles auf dem Spiel. Das kann anstrengend sein, aber wir m\u00f6chten ihn und seine Moderne nicht missen und z\u00e4hlen weiterhin auf beide.<\/span><\/p>\n<p><span style=\"color: #e63348; font-family: helvetica;\"><em>Die Literaturwissenschaftlerin Eva Geulen ist die Direktorin des ZfL.<\/em><\/span><\/p>\n<p>&nbsp;<\/p>\n<p><span style=\"font-family: helvetica;\">VORGESCHLAGENE ZITIERWEISE: Eva Geulen: Mann der Moderne ohne Wenn und Aber: Detlev Sch\u00f6ttker zum 70. Geburtstag, in: ZfL Blog, 20.6.2024, [<a href=\"https:\/\/www.zflprojekte.de\/zfl-blog\/2024\/06\/20\/eva-geulen-mann-der-moderne-ohne-wenn-und-aber-detlev-schoettker-zum-70-geburtstag\/\">https:\/\/www.zflprojekte.de\/zfl-blog\/2024\/06\/20\/eva-geulen-mann-der-moderne-ohne-wenn-und-aber-detlev-schoettker-zum-70-geburtstag\/<\/a>].<\/span><br \/>\n<span style=\"font-family: helvetica;\">DOI: <\/span><a href=\"https:\/\/doi.org\/10.13151\/zfl-blog\/20240620-01\"><span style=\"font-family: helvetica;\">https:\/\/doi.org\/10.13151\/zfl-blog\/20240620-01<\/span><\/a><\/p>\n<p><script type=\"application\/ld+json\">\n{\n  \"@context\": \"http:\/\/schema.org\",\n  \"@type\": \"ScholarlyArticle\",\n  \"@id\": \"https:\/\/doi.org\/10.13151\/zfl-blog\/20240620-01\",\n  \"url\": \"https:\/\/www.zflprojekte.de\/zfl-blog\/2024\/06\/20\/eva-geulen-mann-der-moderne-ohne-wenn-und-aber-detlev-schoettker-zum-70-geburtstag\/\",\n  \"additionalType\": \"Blogpost\",\n  \"name\": \"Mann der Moderne ohne Wenn und Aber: DETLEV SCH\u00d6TTKER ZUM 70. GEBURTSTAG\",\n  \"author\": {\n    \"name\": \"Eva Geulen\",\n    \"givenName\": \"Eva\",\n    \"familyName\": \"Geulen\",\n    \"@type\": \"Person\",\n    \"@id\": \"0009-0004-3700-1661\"\n  },\n  \"license\": \"https:\/\/creativecommons.org\/licenses\/by-nc-sa\/3.0\/legalcode\",\n  \"inLanguage\": \"de\",\n  \"dateCreated\": \"2024-06-20\",\n  \"datePublished\": 2024,\n  \"schemaVersion\": \"http:\/\/datacite.org\/schema\/kernel-4\",\n  \"publisher\": {\n    \"@type\": \"Organization\",\n    \"@id\": \"https:\/\/ror.org\/00bpta863\",\n    \"name\": \"Leibniz-Zentrum f\u00fcr Literatur- und Kulturforschung\"\n  },\n  \"provider\": {\n    \"@type\": \"Organization\",\n    \"name\": \"datacite\"\n  }\n}\n<\/script><\/p>\n","protected":false},"excerpt":{"rendered":"<p>Dass das ZfL ihn seit Kurzem als Senior Fellow f\u00fchrt, passt so gar nicht zu der ungest\u00fcmen Neugierde und den kreativen Energien, die sich Detlev Sch\u00f6ttker nicht nur bewahrt hat, sondern die j\u00fcngst \u00fcber der Besch\u00e4ftigung mit einem neuen Gegenstand eine neue Qualit\u00e4t gewonnen haben. Instantan, vehement und bedingungslos hat er sich nach dem Umzug <a class=\"read-more-link\" href=\"https:\/\/www.zflprojekte.de\/zfl-blog\/2024\/06\/20\/eva-geulen-mann-der-moderne-ohne-wenn-und-aber-detlev-schoettker-zum-70-geburtstag\/\">Weiterlesen<\/a><\/p>\n","protected":false},"author":4,"featured_media":0,"comment_status":"closed","ping_status":"closed","sticky":false,"template":"","format":"standard","meta":{"footnotes":""},"categories":[18,21],"tags":[101,78,809,754,77,364,700,493,152],"class_list":["post-3312","post","type-post","status-publish","format-standard","hentry","category-ad-hoc","category-einblick","tag-architektur","tag-briefe","tag-detlev-schoettker","tag-edition","tag-ernst-juenger","tag-nachbarschaft","tag-philatelie","tag-walter-benjamin","tag-zfl"],"post_mailing_queue_ids":[],"_links":{"self":[{"href":"https:\/\/www.zflprojekte.de\/zfl-blog\/wp-json\/wp\/v2\/posts\/3312","targetHints":{"allow":["GET"]}}],"collection":[{"href":"https:\/\/www.zflprojekte.de\/zfl-blog\/wp-json\/wp\/v2\/posts"}],"about":[{"href":"https:\/\/www.zflprojekte.de\/zfl-blog\/wp-json\/wp\/v2\/types\/post"}],"author":[{"embeddable":true,"href":"https:\/\/www.zflprojekte.de\/zfl-blog\/wp-json\/wp\/v2\/users\/4"}],"replies":[{"embeddable":true,"href":"https:\/\/www.zflprojekte.de\/zfl-blog\/wp-json\/wp\/v2\/comments?post=3312"}],"version-history":[{"count":10,"href":"https:\/\/www.zflprojekte.de\/zfl-blog\/wp-json\/wp\/v2\/posts\/3312\/revisions"}],"predecessor-version":[{"id":3503,"href":"https:\/\/www.zflprojekte.de\/zfl-blog\/wp-json\/wp\/v2\/posts\/3312\/revisions\/3503"}],"wp:attachment":[{"href":"https:\/\/www.zflprojekte.de\/zfl-blog\/wp-json\/wp\/v2\/media?parent=3312"}],"wp:term":[{"taxonomy":"category","embeddable":true,"href":"https:\/\/www.zflprojekte.de\/zfl-blog\/wp-json\/wp\/v2\/categories?post=3312"},{"taxonomy":"post_tag","embeddable":true,"href":"https:\/\/www.zflprojekte.de\/zfl-blog\/wp-json\/wp\/v2\/tags?post=3312"}],"curies":[{"name":"wp","href":"https:\/\/api.w.org\/{rel}","templated":true}]}}